{"id":832,"date":"2020-04-19T19:37:38","date_gmt":"2020-04-19T17:37:38","guid":{"rendered":"https:\/\/kreativkiste.tomkatweb.org\/?p=832"},"modified":"2020-04-19T19:37:38","modified_gmt":"2020-04-19T17:37:38","slug":"masken-fuer-den-tierschutz","status":"publish","type":"post","link":"https:\/\/kreativkiste.tomkatweb.org\/?p=832","title":{"rendered":"Masken f\u00fcr den Tierschutz"},"content":{"rendered":"\n<p>Ich habe vor etwa 3 Wochen begonnen Masken zu n\u00e4hen. Ein Teil des Erl\u00f6ses der Masken ging daf\u00fcr an 4 verschiedene spanische Partnervereine von Tierisch Happy e.V. <\/p>\n\n\n\n<figure class=\"wp-block-image size-large\"><img loading=\"lazy\" decoding=\"async\" width=\"694\" height=\"502\" src=\"http:\/\/144.24.179.234\/wp-content\/uploads\/2020\/04\/20-04-03-14-39-44-1547.jpg\" alt=\"\" class=\"wp-image-836\" srcset=\"https:\/\/kreativkiste.tomkatweb.org\/wp-content\/uploads\/2020\/04\/20-04-03-14-39-44-1547.jpg 694w, https:\/\/kreativkiste.tomkatweb.org\/wp-content\/uploads\/2020\/04\/20-04-03-14-39-44-1547-300x217.jpg 300w\" sizes=\"auto, (max-width: 694px) 100vw, 694px\" \/><figcaption class=\"wp-element-caption\">das waren die ersten 240\u20ac, die an die spanischen Tierschutzvereine gingen.<\/figcaption><\/figure>\n\n\n\n<div class=\"wp-block-group alignwide\"><div class=\"wp-block-group__inner-container is-layout-flow wp-block-group-is-layout-flow\"><div class=\"wp-block-image\">\n<figure class=\"alignleft is-resized\"><img loading=\"lazy\" decoding=\"async\" src=\"https:\/\/kreativkiste.tomkatweb.org\/wp-content\/uploads\/2020\/04\/20-04-03-14-11-33-1543-1-768x1024.jpg\" alt=\"\" class=\"wp-image-835\" width=\"273\" height=\"364\"\/><\/figure>\n<\/div><\/div><\/div>\n\n\n\n<p>Das ganze schlug ein, wie eine Bombe, und es sind innerhalb einer Woche \u00fcber 60 Masken bestellt worden, woraufhin ich erstmal einen Bestellstopp einlegen musste, um alle Bestellungen z\u00fcgig abzuarbeiten. <\/p>\n\n\n\n<p>Da aufgrund der aktuellen Lage sehr viele Menschen Masken n\u00e4hen, ist Schr\u00e4gband und Gummilitze absolute Mangelware. <\/p>\n\n\n\n<p>Im Zuge dessen habe ich nun auch das Schnittmuster angepasst und eine sch\u00f6ne L\u00f6sung gefunden, bei der man die Option hat die B\u00e4nder gegen Gummi auszutauschen und statt dem regul\u00e4ren Schr\u00e4gband ein Jerseyband zu verwenden, das sich auch angenehm tr\u00e4gt. <\/p>\n\n\n\n<div class=\"wp-block-group\"><div class=\"wp-block-group__inner-container is-layout-flow wp-block-group-is-layout-flow\">\n<figure class=\"wp-block-image\"><img loading=\"lazy\" decoding=\"async\" width=\"1024\" height=\"1024\" src=\"http:\/\/144.24.179.234\/wp-content\/uploads\/2020\/04\/20-04-19-12-57-30-1690-1-1024x1024.jpg\" alt=\"\" class=\"wp-image-839\" srcset=\"https:\/\/kreativkiste.tomkatweb.org\/wp-content\/uploads\/2020\/04\/20-04-19-12-57-30-1690-1-1024x1024.jpg 1024w, https:\/\/kreativkiste.tomkatweb.org\/wp-content\/uploads\/2020\/04\/20-04-19-12-57-30-1690-1-300x300.jpg 300w, https:\/\/kreativkiste.tomkatweb.org\/wp-content\/uploads\/2020\/04\/20-04-19-12-57-30-1690-1-150x150.jpg 150w, https:\/\/kreativkiste.tomkatweb.org\/wp-content\/uploads\/2020\/04\/20-04-19-12-57-30-1690-1-768x768.jpg 768w, https:\/\/kreativkiste.tomkatweb.org\/wp-content\/uploads\/2020\/04\/20-04-19-12-57-30-1690-1.jpg 1440w\" sizes=\"auto, (max-width: 1024px) 100vw, 1024px\" \/><\/figure>\n<\/div><\/div>\n\n\n\n<p>Es ist nun also wieder m\u00f6glich Masken in Kleinauflagen bei mir zu beziehen. Eine Maske kostet 10\u20ac, davon spende ich 5\u20ac an einen Tierschutzverein. Aktuelle Infos hierzu sind dann auf meinem Instagram Profil zu sehen und werden hier demn\u00e4chst auch noch aufgef\u00fchrt. <\/p>\n","protected":false},"excerpt":{"rendered":"<p>Ich habe vor etwa 3 Wochen begonnen Masken zu n\u00e4hen. Ein Teil des Erl\u00f6ses der Masken ging daf\u00fcr an 4 verschiedene spanische Partnervereine von Tierisch Happy e.V. Das ganze schlug ein, wie eine Bombe, und es sind innerhalb einer Woche \u00fcber 60 Masken bestellt worden, &#8230;..<\/p>\n","protected":false},"author":2,"featured_media":0,"comment_status":"closed","ping_status":"open","sticky":false,"template":"","format":"standard","meta":{"footnotes":""},"categories":[1],"tags":[2,3,4,5],"class_list":["post-832","post","type-post","status-publish","format-standard","hentry","category-uncategorized","tag-masken","tag-naehen","tag-spenden","tag-tierschutz"],"_links":{"self":[{"href":"https:\/\/kreativkiste.tomkatweb.org\/index.php?rest_route=\/wp\/v2\/posts\/832","targetHints":{"allow":["GET"]}}],"collection":[{"href":"https:\/\/kreativkiste.tomkatweb.org\/index.php?rest_route=\/wp\/v2\/posts"}],"about":[{"href":"https:\/\/kreativkiste.tomkatweb.org\/index.php?rest_route=\/wp\/v2\/types\/post"}],"author":[{"embeddable":true,"href":"https:\/\/kreativkiste.tomkatweb.org\/index.php?rest_route=\/wp\/v2\/users\/2"}],"replies":[{"embeddable":true,"href":"https:\/\/kreativkiste.tomkatweb.org\/index.php?rest_route=%2Fwp%2Fv2%2Fcomments&post=832"}],"version-history":[{"count":0,"href":"https:\/\/kreativkiste.tomkatweb.org\/index.php?rest_route=\/wp\/v2\/posts\/832\/revisions"}],"wp:attachment":[{"href":"https:\/\/kreativkiste.tomkatweb.org\/index.php?rest_route=%2Fwp%2Fv2%2Fmedia&parent=832"}],"wp:term":[{"taxonomy":"category","embeddable":true,"href":"https:\/\/kreativkiste.tomkatweb.org\/index.php?rest_route=%2Fwp%2Fv2%2Fcategories&post=832"},{"taxonomy":"post_tag","embeddable":true,"href":"https:\/\/kreativkiste.tomkatweb.org\/index.php?rest_route=%2Fwp%2Fv2%2Ftags&post=832"}],"curies":[{"name":"wp","href":"https:\/\/api.w.org\/{rel}","templated":true}]}}